
{"id":1383,"date":"2024-03-25T11:57:28","date_gmt":"2024-03-25T10:57:28","guid":{"rendered":"https:\/\/solidarity1980.com\/?p=1383"},"modified":"2024-03-25T11:58:19","modified_gmt":"2024-03-25T10:58:19","slug":"1383-2","status":"publish","type":"post","link":"https:\/\/solidarity1980.com\/en\/1383-2\/","title":{"rendered":""},"content":{"rendered":"<p><\/p>\n\n\n\n<p><\/p>\n\n\n\n<div class=\"wp-block-group\"><div class=\"wp-block-group__inner-container is-layout-constrained wp-block-group-is-layout-constrained\">\n<p class=\"has-medium-font-size\"><strong>D\u00e9crypter les Vagues de solidarit\u00e9 (XIX-XXe si\u00e8cles)<\/strong><br><strong>QUE FAUT-IL POUR B\u00c2TIR LA PAIX ? SOLIDARIT\u00c9S AU SORTIR DE LA PREMI\u00c8RE GUERRE MONDIALE<\/strong>    <br><em><a href=\"https:\/\/histoire.umontreal.ca\/repertoire-departement\/corps-professoral\/professeur\/in\/in15198\/sg\/Carl%20Bouchard\/\">CARL BOUCHARD<\/a>\u00a0(UNIVERSIT\u00c9 DE MONTR\u00c9AL)\u00a0<\/em><br><\/p>\n\n\n\n<blockquote class=\"wp-block-quote is-layout-flow wp-block-quote-is-layout-flow\">\n<p style=\"font-style:normal;font-weight:200\">L\u2019ordre mis en place en 1919 est fond\u00e9 sur une tension. D\u2019une part, il repose sur le respect de l\u2019ind\u00e9pendance et de la souverainet\u00e9 des \u00c9tats. D\u2019autre part, il n\u00e9cessite une solidarit\u00e9 nouvelle entre les \u00c9tats, qui supplanterait leur \u00e9go\u00efsme naturel et son corollaire, le nationalisme exacerb\u00e9. Pour que la paix ait une chance de s\u2019\u00e9tablir durablement, affirme d\u00e8s 1917 le pr\u00e9sident am\u00e9ricain Woodrow Wilson, il faut d\u00e9sormais une \u00ab communaut\u00e9 de puissances \u00bb succ\u00e8de au traditionnel \u00e9quilibre des puissances. Soit, mais comment s\u2019assurer que les nations seront respectueuses du pacte qui les liera au nom de la paix ? Durant mon intervention j\u2019aimerais examiner les deux r\u00e9ponses oppos\u00e9es \u00e0 ces questions qui ont \u00e9t\u00e9 mises au jour lors des n\u00e9gociations de la Conf\u00e9rence de Paris. Celle de \u00ab l\u2019ap\u00f4tre de la paix \u00bb, Wilson, qui milite pour une solidarit\u00e9 morale et organique, et celle du Fran\u00e7ais L\u00e9on Bourgeois, qui transpose quant \u00e0 lui \u00e0 l\u2019international sa doctrine du solidarisme.<\/p>\n<\/blockquote>\n\n\n\n<p style=\"font-style:normal;font-weight:100\">Cette s\u00e9rie de conf\u00e9rences explore une succession de situations pr\u00e9cises. En d\u00e9cryptant la nature, les causes, les objectifs et les effets de la solidarit\u00e9 exprim\u00e9e, il s&rsquo;agit de saisir les raisons de la concomitance de ces vagues de solidarit\u00e9. Est-elle fonction de d\u00e9veloppements observables sur&nbsp;l\u2019ensemble&nbsp;de la plan\u00e8te? Tient-elle, plus s\u00fbrement, au mode de diffusion des id\u00e9es ou \u00e0 la mobilit\u00e9 des acteurs? Cette dynamique se limite-t-elle \u00e0 la sph\u00e8re&nbsp;d\u2019influence&nbsp;occidentale ou rayonne-t-elle au-del\u00e0? Le but de cette r\u00e9flexion est aussi&nbsp;d\u2019engager&nbsp;un dialogue avec&nbsp;l\u2019\u00e9poque&nbsp;pr\u00e9sente qui, entre crise environnementale, probl\u00e8mes sanitaires et conflits arm\u00e9s, para\u00eet valoriser&nbsp;l\u2019int\u00e9r\u00eat&nbsp;pour autrui, fond\u00e9 sur la conscience des fragilit\u00e9s de notre humanit\u00e9 commune.<\/p>\n\n\n\n<p><\/p>\n<\/div><\/div>\n\n\n\n<p style=\"font-style:normal;font-weight:300\"><\/p>\n\n\n\n<p><\/p>\n\n\n\n<h4 class=\"wp-block-heading\"><strong>Vendredi 05 avril 2024, 14:15-15:00<\/strong><\/h4>\n\n\n\n<h4 class=\"wp-block-heading\"><a href=\"https:\/\/unige.zoom.us\/j\/65272115298?pwd=dnB5OGY2RzhjeDhxQ0dncFJhbDV2UT09\"><strong>En ligne<\/strong><\/a><br><strong>ID de r\u00e9union: 652 7211 5298<br>Code secret: 849064<\/strong><br><\/h4>\n\n\n\n<p><\/p>\n\n\n\n<div class=\"wp-block-buttons is-layout-flex wp-block-buttons-is-layout-flex\">\n<div class=\"wp-block-button\"><a class=\"wp-block-button__link has-pink-background-color has-background wp-element-button\" href=\"https:\/\/solidarity1980.com\/wp-content\/uploads\/2024\/02\/Affiches-conferences-Programme_-002.pdf\" target=\"_blank\" rel=\"noreferrer noopener\">PROGRAMME <\/a><\/div>\n<\/div>\n\n\n\n<p><\/p>\n\n\n\n<p><strong>Preparation and coordination:<\/strong>&nbsp;Prof. Ir\u00e8ne Herrmann &amp; Dre Renata&nbsp;Lata\u0142a<br><strong>Collaboration<\/strong> <strong>:<\/strong> No\u00e9mie Lakatos &amp; H\u00fcseyin Delidogan<br><strong>Contact<\/strong> <strong>:<\/strong> noemie.lakatos@etu.unige.ch et renata.latala@unige.ch<\/p>","protected":false},"excerpt":{"rendered":"<p>Conf\u00e9rence en ligne. Qu faut-il pour b\u00e2tir la paix ? Solidarit\u00e9s au sortir de la Premi\u00e8re Guerre mondiale&#8230;  [&#8230;]<\/p>\n<p><a class=\"btn btn-secondary understrap-read-more-link\" href=\"https:\/\/solidarity1980.com\/en\/1383-2\/\">Read More&#8230;<span class=\"screen-reader-text\"> from <\/span><\/a><\/p>\n","protected":false},"author":5,"featured_media":1386,"comment_status":"closed","ping_status":"closed","sticky":false,"template":"","format":"standard","meta":{"footnotes":""},"categories":[2],"tags":[],"class_list":["post-1383","post","type-post","status-publish","format-standard","has-post-thumbnail","hentry","category-actualite"],"yoast_head":"<!-- This site is optimized with the Yoast SEO plugin v27.5 - https:\/\/yoast.com\/product\/yoast-seo-wordpress\/ -->\n<title>- 1980 Le moment de solidarit\u00e9<\/title>\n<meta name=\"description\" content=\"Instrumentalisation des valeurs, confiscation de la m\u00e9moire\u00a0par un pouvoir id\u00e9ologique\u00a0qui d\u00e9truit les liens sociaux\u00a0: comment rester fid\u00e8le \u00e0 soi-m\u00eame et retrouver le sens du devoir envers la communaut\u00e9 \u00e0 laquelle on est li\u00e9\u00a0? Rendez-vous le 19 octobre \u00e0 18h00 au Cin\u00e9lux.\" \/>\n<meta name=\"robots\" content=\"index, follow, max-snippet:-1, max-image-preview:large, max-video-preview:-1\" \/>\n<link rel=\"canonical\" href=\"https:\/\/solidarity1980.com\/en\/1383-2\/\" \/>\n<meta property=\"og:locale\" content=\"en_GB\" \/>\n<meta property=\"og:type\" content=\"article\" \/>\n<meta property=\"og:title\" content=\"- 1980 Le moment de solidarit\u00e9\" \/>\n<meta property=\"og:description\" content=\"Instrumentalisation des valeurs, confiscation de la m\u00e9moire\u00a0par un pouvoir id\u00e9ologique\u00a0qui d\u00e9truit les liens sociaux\u00a0: comment rester fid\u00e8le \u00e0 soi-m\u00eame et retrouver le sens du devoir envers la communaut\u00e9 \u00e0 laquelle on est li\u00e9\u00a0? Rendez-vous le 19 octobre \u00e0 18h00 au Cin\u00e9lux.\" \/>\n<meta property=\"og:url\" content=\"https:\/\/solidarity1980.com\/en\/1383-2\/\" \/>\n<meta property=\"og:site_name\" content=\"1980 Le moment de solidarit\u00e9\" \/>\n<meta property=\"article:published_time\" content=\"2024-03-25T10:57:28+00:00\" \/>\n<meta property=\"article:modified_time\" content=\"2024-03-25T10:58:19+00:00\" \/>\n<meta property=\"og:image\" content=\"https:\/\/solidarity1980.com\/wp-content\/uploads\/2024\/03\/annonce-conference-_-C.-Bouchard-.jpg\" \/>\n\t<meta property=\"og:image:width\" content=\"595\" \/>\n\t<meta property=\"og:image:height\" content=\"842\" \/>\n\t<meta property=\"og:image:type\" content=\"image\/jpeg\" \/>\n<meta name=\"author\" content=\"Sarah Osman\" \/>\n<meta name=\"twitter:card\" content=\"summary_large_image\" \/>\n<meta name=\"twitter:label1\" content=\"Written by\" \/>\n\t<meta name=\"twitter:data1\" content=\"Sarah Osman\" \/>\n\t<meta name=\"twitter:label2\" content=\"Estimated reading time\" \/>\n\t<meta name=\"twitter:data2\" content=\"2 minutes\" \/>\n<script type=\"application\/ld+json\" class=\"yoast-schema-graph\">{\"@context\":\"https:\\\/\\\/schema.org\",\"@graph\":[{\"@type\":\"Article\",\"@id\":\"https:\\\/\\\/solidarity1980.com\\\/1383-2\\\/#article\",\"isPartOf\":{\"@id\":\"https:\\\/\\\/solidarity1980.com\\\/1383-2\\\/\"},\"author\":{\"name\":\"Sarah Osman\",\"@id\":\"https:\\\/\\\/solidarity1980.com\\\/#\\\/schema\\\/person\\\/d0c73bdb3bd6281829b3498be0a51c39\"},\"headline\":\"No title\",\"datePublished\":\"2024-03-25T10:57:28+00:00\",\"dateModified\":\"2024-03-25T10:58:19+00:00\",\"mainEntityOfPage\":{\"@id\":\"https:\\\/\\\/solidarity1980.com\\\/1383-2\\\/\"},\"wordCount\":393,\"publisher\":{\"@id\":\"https:\\\/\\\/solidarity1980.com\\\/#organization\"},\"image\":{\"@id\":\"https:\\\/\\\/solidarity1980.com\\\/1383-2\\\/#primaryimage\"},\"thumbnailUrl\":\"https:\\\/\\\/solidarity1980.com\\\/wp-content\\\/uploads\\\/2024\\\/03\\\/annonce-conference-_-C.-Bouchard-.jpg\",\"articleSection\":[\"actualit\u00e9\"],\"inLanguage\":\"en-GB\"},{\"@type\":\"WebPage\",\"@id\":\"https:\\\/\\\/solidarity1980.com\\\/1383-2\\\/\",\"url\":\"https:\\\/\\\/solidarity1980.com\\\/1383-2\\\/\",\"name\":\"- 1980 Le moment de solidarit\u00e9\",\"isPartOf\":{\"@id\":\"https:\\\/\\\/solidarity1980.com\\\/#website\"},\"primaryImageOfPage\":{\"@id\":\"https:\\\/\\\/solidarity1980.com\\\/1383-2\\\/#primaryimage\"},\"image\":{\"@id\":\"https:\\\/\\\/solidarity1980.com\\\/1383-2\\\/#primaryimage\"},\"thumbnailUrl\":\"https:\\\/\\\/solidarity1980.com\\\/wp-content\\\/uploads\\\/2024\\\/03\\\/annonce-conference-_-C.-Bouchard-.jpg\",\"datePublished\":\"2024-03-25T10:57:28+00:00\",\"dateModified\":\"2024-03-25T10:58:19+00:00\",\"description\":\"Instrumentalisation des valeurs, confiscation de la m\u00e9moire\u00a0par un pouvoir id\u00e9ologique\u00a0qui d\u00e9truit les liens sociaux\u00a0: comment rester fid\u00e8le \u00e0 soi-m\u00eame et retrouver le sens du devoir envers la communaut\u00e9 \u00e0 laquelle on est li\u00e9\u00a0? Rendez-vous le 19 octobre \u00e0 18h00 au Cin\u00e9lux.\",\"inLanguage\":\"en-GB\",\"potentialAction\":[{\"@type\":\"ReadAction\",\"target\":[\"https:\\\/\\\/solidarity1980.com\\\/1383-2\\\/\"]}]},{\"@type\":\"ImageObject\",\"inLanguage\":\"en-GB\",\"@id\":\"https:\\\/\\\/solidarity1980.com\\\/1383-2\\\/#primaryimage\",\"url\":\"https:\\\/\\\/solidarity1980.com\\\/wp-content\\\/uploads\\\/2024\\\/03\\\/annonce-conference-_-C.-Bouchard-.jpg\",\"contentUrl\":\"https:\\\/\\\/solidarity1980.com\\\/wp-content\\\/uploads\\\/2024\\\/03\\\/annonce-conference-_-C.-Bouchard-.jpg\",\"width\":595,\"height\":842},{\"@type\":\"WebSite\",\"@id\":\"https:\\\/\\\/solidarity1980.com\\\/#website\",\"url\":\"https:\\\/\\\/solidarity1980.com\\\/\",\"name\":\"1980 Le moment de solidarit\u00e9\",\"description\":\"1980 Le moment de solidarit\u00e9\",\"publisher\":{\"@id\":\"https:\\\/\\\/solidarity1980.com\\\/#organization\"},\"potentialAction\":[{\"@type\":\"SearchAction\",\"target\":{\"@type\":\"EntryPoint\",\"urlTemplate\":\"https:\\\/\\\/solidarity1980.com\\\/?s={search_term_string}\"},\"query-input\":{\"@type\":\"PropertyValueSpecification\",\"valueRequired\":true,\"valueName\":\"search_term_string\"}}],\"inLanguage\":\"en-GB\"},{\"@type\":\"Organization\",\"@id\":\"https:\\\/\\\/solidarity1980.com\\\/#organization\",\"name\":\"1980 Le moment de solidarit\u00e9\",\"url\":\"https:\\\/\\\/solidarity1980.com\\\/\",\"logo\":{\"@type\":\"ImageObject\",\"inLanguage\":\"en-GB\",\"@id\":\"https:\\\/\\\/solidarity1980.com\\\/#\\\/schema\\\/logo\\\/image\\\/\",\"url\":\"https:\\\/\\\/solidarity1980.com\\\/wp-content\\\/uploads\\\/2023\\\/04\\\/titre_plateforme.png\",\"contentUrl\":\"https:\\\/\\\/solidarity1980.com\\\/wp-content\\\/uploads\\\/2023\\\/04\\\/titre_plateforme.png\",\"width\":786,\"height\":467,\"caption\":\"1980 Le moment de solidarit\u00e9\"},\"image\":{\"@id\":\"https:\\\/\\\/solidarity1980.com\\\/#\\\/schema\\\/logo\\\/image\\\/\"}},{\"@type\":\"Person\",\"@id\":\"https:\\\/\\\/solidarity1980.com\\\/#\\\/schema\\\/person\\\/d0c73bdb3bd6281829b3498be0a51c39\",\"name\":\"Sarah Osman\",\"image\":{\"@type\":\"ImageObject\",\"inLanguage\":\"en-GB\",\"@id\":\"https:\\\/\\\/secure.gravatar.com\\\/avatar\\\/09973fd37bf359c3ff2d009610c9419c5e4b925d4b01dba72a1d4b6e88d24a36?s=96&d=mm&r=g\",\"url\":\"https:\\\/\\\/secure.gravatar.com\\\/avatar\\\/09973fd37bf359c3ff2d009610c9419c5e4b925d4b01dba72a1d4b6e88d24a36?s=96&d=mm&r=g\",\"contentUrl\":\"https:\\\/\\\/secure.gravatar.com\\\/avatar\\\/09973fd37bf359c3ff2d009610c9419c5e4b925d4b01dba72a1d4b6e88d24a36?s=96&d=mm&r=g\",\"caption\":\"Sarah Osman\"},\"url\":\"https:\\\/\\\/solidarity1980.com\\\/en\\\/author\\\/sarah\\\/\"}]}<\/script>\n<!-- \/ Yoast SEO plugin. -->","yoast_head_json":{"title":"- 1980 Le moment de solidarit\u00e9","description":"Instrumentalisation des valeurs, confiscation de la m\u00e9moire\u00a0par un pouvoir id\u00e9ologique\u00a0qui d\u00e9truit les liens sociaux\u00a0: comment rester fid\u00e8le \u00e0 soi-m\u00eame et retrouver le sens du devoir envers la communaut\u00e9 \u00e0 laquelle on est li\u00e9\u00a0? Rendez-vous le 19 octobre \u00e0 18h00 au Cin\u00e9lux.","robots":{"index":"index","follow":"follow","max-snippet":"max-snippet:-1","max-image-preview":"max-image-preview:large","max-video-preview":"max-video-preview:-1"},"canonical":"https:\/\/solidarity1980.com\/en\/1383-2\/","og_locale":"en_GB","og_type":"article","og_title":"- 1980 Le moment de solidarit\u00e9","og_description":"Instrumentalisation des valeurs, confiscation de la m\u00e9moire\u00a0par un pouvoir id\u00e9ologique\u00a0qui d\u00e9truit les liens sociaux\u00a0: comment rester fid\u00e8le \u00e0 soi-m\u00eame et retrouver le sens du devoir envers la communaut\u00e9 \u00e0 laquelle on est li\u00e9\u00a0? Rendez-vous le 19 octobre \u00e0 18h00 au Cin\u00e9lux.","og_url":"https:\/\/solidarity1980.com\/en\/1383-2\/","og_site_name":"1980 Le moment de solidarit\u00e9","article_published_time":"2024-03-25T10:57:28+00:00","article_modified_time":"2024-03-25T10:58:19+00:00","og_image":[{"width":595,"height":842,"url":"https:\/\/solidarity1980.com\/wp-content\/uploads\/2024\/03\/annonce-conference-_-C.-Bouchard-.jpg","type":"image\/jpeg"}],"author":"Sarah Osman","twitter_card":"summary_large_image","twitter_misc":{"Written by":"Sarah Osman","Estimated reading time":"2 minutes"},"schema":{"@context":"https:\/\/schema.org","@graph":[{"@type":"Article","@id":"https:\/\/solidarity1980.com\/1383-2\/#article","isPartOf":{"@id":"https:\/\/solidarity1980.com\/1383-2\/"},"author":{"name":"Sarah Osman","@id":"https:\/\/solidarity1980.com\/#\/schema\/person\/d0c73bdb3bd6281829b3498be0a51c39"},"headline":"No title","datePublished":"2024-03-25T10:57:28+00:00","dateModified":"2024-03-25T10:58:19+00:00","mainEntityOfPage":{"@id":"https:\/\/solidarity1980.com\/1383-2\/"},"wordCount":393,"publisher":{"@id":"https:\/\/solidarity1980.com\/#organization"},"image":{"@id":"https:\/\/solidarity1980.com\/1383-2\/#primaryimage"},"thumbnailUrl":"https:\/\/solidarity1980.com\/wp-content\/uploads\/2024\/03\/annonce-conference-_-C.-Bouchard-.jpg","articleSection":["actualit\u00e9"],"inLanguage":"en-GB"},{"@type":"WebPage","@id":"https:\/\/solidarity1980.com\/1383-2\/","url":"https:\/\/solidarity1980.com\/1383-2\/","name":"- 1980 Le moment de solidarit\u00e9","isPartOf":{"@id":"https:\/\/solidarity1980.com\/#website"},"primaryImageOfPage":{"@id":"https:\/\/solidarity1980.com\/1383-2\/#primaryimage"},"image":{"@id":"https:\/\/solidarity1980.com\/1383-2\/#primaryimage"},"thumbnailUrl":"https:\/\/solidarity1980.com\/wp-content\/uploads\/2024\/03\/annonce-conference-_-C.-Bouchard-.jpg","datePublished":"2024-03-25T10:57:28+00:00","dateModified":"2024-03-25T10:58:19+00:00","description":"Instrumentalisation des valeurs, confiscation de la m\u00e9moire\u00a0par un pouvoir id\u00e9ologique\u00a0qui d\u00e9truit les liens sociaux\u00a0: comment rester fid\u00e8le \u00e0 soi-m\u00eame et retrouver le sens du devoir envers la communaut\u00e9 \u00e0 laquelle on est li\u00e9\u00a0? Rendez-vous le 19 octobre \u00e0 18h00 au Cin\u00e9lux.","inLanguage":"en-GB","potentialAction":[{"@type":"ReadAction","target":["https:\/\/solidarity1980.com\/1383-2\/"]}]},{"@type":"ImageObject","inLanguage":"en-GB","@id":"https:\/\/solidarity1980.com\/1383-2\/#primaryimage","url":"https:\/\/solidarity1980.com\/wp-content\/uploads\/2024\/03\/annonce-conference-_-C.-Bouchard-.jpg","contentUrl":"https:\/\/solidarity1980.com\/wp-content\/uploads\/2024\/03\/annonce-conference-_-C.-Bouchard-.jpg","width":595,"height":842},{"@type":"WebSite","@id":"https:\/\/solidarity1980.com\/#website","url":"https:\/\/solidarity1980.com\/","name":"1980 Le moment de solidarit\u00e9","description":"1980 Le moment de solidarit\u00e9","publisher":{"@id":"https:\/\/solidarity1980.com\/#organization"},"potentialAction":[{"@type":"SearchAction","target":{"@type":"EntryPoint","urlTemplate":"https:\/\/solidarity1980.com\/?s={search_term_string}"},"query-input":{"@type":"PropertyValueSpecification","valueRequired":true,"valueName":"search_term_string"}}],"inLanguage":"en-GB"},{"@type":"Organization","@id":"https:\/\/solidarity1980.com\/#organization","name":"1980 Le moment de solidarit\u00e9","url":"https:\/\/solidarity1980.com\/","logo":{"@type":"ImageObject","inLanguage":"en-GB","@id":"https:\/\/solidarity1980.com\/#\/schema\/logo\/image\/","url":"https:\/\/solidarity1980.com\/wp-content\/uploads\/2023\/04\/titre_plateforme.png","contentUrl":"https:\/\/solidarity1980.com\/wp-content\/uploads\/2023\/04\/titre_plateforme.png","width":786,"height":467,"caption":"1980 Le moment de solidarit\u00e9"},"image":{"@id":"https:\/\/solidarity1980.com\/#\/schema\/logo\/image\/"}},{"@type":"Person","@id":"https:\/\/solidarity1980.com\/#\/schema\/person\/d0c73bdb3bd6281829b3498be0a51c39","name":"Sarah Osman","image":{"@type":"ImageObject","inLanguage":"en-GB","@id":"https:\/\/secure.gravatar.com\/avatar\/09973fd37bf359c3ff2d009610c9419c5e4b925d4b01dba72a1d4b6e88d24a36?s=96&d=mm&r=g","url":"https:\/\/secure.gravatar.com\/avatar\/09973fd37bf359c3ff2d009610c9419c5e4b925d4b01dba72a1d4b6e88d24a36?s=96&d=mm&r=g","contentUrl":"https:\/\/secure.gravatar.com\/avatar\/09973fd37bf359c3ff2d009610c9419c5e4b925d4b01dba72a1d4b6e88d24a36?s=96&d=mm&r=g","caption":"Sarah Osman"},"url":"https:\/\/solidarity1980.com\/en\/author\/sarah\/"}]}},"wps_subtitle":"","_links":{"self":[{"href":"https:\/\/solidarity1980.com\/en\/wp-json\/wp\/v2\/posts\/1383","targetHints":{"allow":["GET"]}}],"collection":[{"href":"https:\/\/solidarity1980.com\/en\/wp-json\/wp\/v2\/posts"}],"about":[{"href":"https:\/\/solidarity1980.com\/en\/wp-json\/wp\/v2\/types\/post"}],"author":[{"embeddable":true,"href":"https:\/\/solidarity1980.com\/en\/wp-json\/wp\/v2\/users\/5"}],"replies":[{"embeddable":true,"href":"https:\/\/solidarity1980.com\/en\/wp-json\/wp\/v2\/comments?post=1383"}],"version-history":[{"count":4,"href":"https:\/\/solidarity1980.com\/en\/wp-json\/wp\/v2\/posts\/1383\/revisions"}],"predecessor-version":[{"id":1388,"href":"https:\/\/solidarity1980.com\/en\/wp-json\/wp\/v2\/posts\/1383\/revisions\/1388"}],"wp:featuredmedia":[{"embeddable":true,"href":"https:\/\/solidarity1980.com\/en\/wp-json\/wp\/v2\/media\/1386"}],"wp:attachment":[{"href":"https:\/\/solidarity1980.com\/en\/wp-json\/wp\/v2\/media?parent=1383"}],"wp:term":[{"taxonomy":"category","embeddable":true,"href":"https:\/\/solidarity1980.com\/en\/wp-json\/wp\/v2\/categories?post=1383"},{"taxonomy":"post_tag","embeddable":true,"href":"https:\/\/solidarity1980.com\/en\/wp-json\/wp\/v2\/tags?post=1383"}],"curies":[{"name":"wp","href":"https:\/\/api.w.org\/{rel}","templated":true}]}}