
{"id":1112,"date":"2023-10-13T10:10:55","date_gmt":"2023-10-13T08:10:55","guid":{"rendered":"https:\/\/solidarity1980.com\/?p=1112"},"modified":"2025-01-28T19:26:38","modified_gmt":"2025-01-28T18:26:38","slug":"lart-doit-il-etre-engage","status":"publish","type":"post","link":"https:\/\/solidarity1980.com\/en\/lart-doit-il-etre-engage\/","title":{"rendered":"Should art be committed?\u00a0"},"content":{"rendered":"<p class=\"back-to-page\"><img loading=\"lazy\" decoding=\"async\" width=\"25\" height=\"25\" class=\"wp-image-306\" style=\"width: 25px;\" src=\"https:\/\/solidarity1980.com\/wp-content\/uploads\/2023\/04\/iconmonstr-arrow-left-thin-240.png\" alt=\"\" srcset=\"https:\/\/solidarity1980.com\/wp-content\/uploads\/2023\/04\/iconmonstr-arrow-left-thin-240.png 240w, https:\/\/solidarity1980.com\/wp-content\/uploads\/2023\/04\/iconmonstr-arrow-left-thin-240-150x150.png 150w, https:\/\/solidarity1980.com\/wp-content\/uploads\/2023\/04\/iconmonstr-arrow-left-thin-240-12x12.png 12w\" sizes=\"auto, (max-width: 25px) 100vw, 25px\" \/><a href=\"https:\/\/solidarity1980.com\/en\/debats\/\">Screening - Debate<\/a><\/p>\n\n\n\n<p style=\"font-style:normal;font-weight:100\"><a href=\"https:\/\/www.rts.ch\/archives\/tv\/culture\/zone-bleue\/14115887-proces-a-prague.html\"><em>Trial in Prague<\/em><\/a>, reconstitution th\u00e9\u00e2trale film\u00e9e, r\u00e9alis\u00e9e par AIDA et la T\u00e9l\u00e9vision suisse romande (Zone Bleue), 1980, 70\u2032.&nbsp;Prix du Festival international du Film et de la Presse de Strasbourg, 1981.&nbsp;<br>Prague, 1979. Reconstruction of the trial of the members of VONS, a committee set up by a group of Charter 77 signatories to support people prosecuted or imprisoned for their beliefs in Czechoslovakia.<\/p>\n\n\n\n<p>Keeping abreast of current events, supporting victims of repression, defending the right to freedom of expression and opinion: are artists shaping social consciousness? Are they still vectors of social or political change? <br><br>Proc\u00e8s \u00e0 Prague est une reconstitution th\u00e9\u00e2trale du proc\u00e8s des membres du VONS, comit\u00e9 qui voulait d\u00e9fendre les droits humains sous le r\u00e9gime communiste en Tch\u00e9coslovaquie. La pi\u00e8ce est mont\u00e9e par la section genevoise d\u2019AIDA, avec l\u2019aide de plusieurs personnalit\u00e9s suisses du spectacle. Alert\u00e9es par la r\u00e9pression des artistes et intellectuels en Tch\u00e9coslovaquie, elles cherchent \u00e0 sensibiliser l\u2019opinion publique occidentale et \u00e0 marquer leur solidarit\u00e9. Ce retour dans le pass\u00e9 nous invite \u00e0 r\u00e9fl\u00e9chir sur le champ artistique dans son rapport \u00e0 la soci\u00e9t\u00e9 et sur la mani\u00e8re dont ceux et celles qui prennent la parole en tant qu\u2019artistes per\u00e7oivent leur engagement.<\/p>\n\n\n\n<p><br><\/p>\n\n\n\n<p><strong>Speakers:<\/strong>&nbsp;<br><a href=\"https:\/\/tls.theaterwissenschaft.ch\/wiki\/Pierre_Biner\">Pierre Biner<\/a>, journaliste TSR, membre d&rsquo;AIDA, sc\u00e9nariste et metteur en sc\u00e8ne du <em>Proc\u00e8s \u00e0 Prague<\/em>&nbsp;<br><a href=\"https:\/\/www.unige.ch\/lettres\/framo\/enseignants\/corps-professoral\/eigenmann\">Eric Eigenmann<\/a>, professeur honoraire de litt\u00e9rature fran\u00e7aise et de dramaturgie , Universit\u00e9 de Gen\u00e8ve<br><a href=\"https:\/\/unil.academia.edu\/KatarzynaMatul\">Katarzyna Matul,<\/a> historienne de l&rsquo;art, fondatrice de l&rsquo;Institut Grafit<br><a href=\"https:\/\/fr.wikipedia.org\/wiki\/Fran\u00e7ois_Rochaix\">Fran\u00e7ois Rochaix<\/a>, metteur en sc\u00e8ne de th\u00e9\u00e2tre et d&rsquo;op\u00e9ra, membre fondateur d&rsquo;AIDA Suisse <\/p>\n\n\n\n<p><strong>Debate moderator:<\/strong>&nbsp;<br><a href=\"https:\/\/solidarity1980.com\/en\/impressum\/\" target=\"_blank\" rel=\"noreferrer noopener\">Renata Lata\u0142a<\/a>, historian, University of Geneva &nbsp;<\/p>\n\n\n\n<p><a href=\"https:\/\/solidarity1980.com\/wp-content\/uploads\/2023\/11\/flyer_debat_P_Prague_A5_web.pdf\" target=\"_blank\" rel=\"noreferrer noopener\">Flyer<\/a><\/p>\n\n\n\n<h4 class=\"wp-block-heading\"><strong>Thursday 14 December 2023, 6pm, Cin\u00e9lux<\/strong><\/h4>\n\n\n\n<h4 class=\"wp-block-heading\">Free entrance - book your tickets <a href=\"https:\/\/cinelux.ticketack.com\/screening\/all\">here<\/a><\/h4>\n\n\n\n<h4 class=\"wp-block-heading\"><br><a href=\"https:\/\/www.cinelux.ch\/\" target=\"_blank\" rel=\"noreferrer noopener\">Cin\u00e9lux&nbsp;<\/a><br><a href=\"https:\/\/www.google.com\/maps\/place\/Bd+de+Saint-Georges+8,+1205+Gen%C3%A8ve\/@46.2011515,6.1314182,17z\/data=!3m1!4b1!4m6!3m5!1s0x478c64d250605ed1:0xdb1148aa8a043bf0!8m2!3d46.2011515!4d6.1314182!16s%2Fg%2F11c24jcmp9?sa=X&amp;ved=2ahUKEwiy9qrpqML-AhUI57sIHb5WDGEQ8gF6BAgIEAI&amp;coh=178572&amp;entry=tt&amp;shorturl=1\" target=\"_blank\" rel=\"noreferrer noopener\">Boulevard St. Georges 8 &nbsp;<br>1205 Gen\u00e8ve<\/a><\/h4>\n\n\n\n<p><strong>Contact &amp; organization:\u00a0<\/strong>\u00a0<br>Renata Lata\u0142a, Department of General History (University of Geneva)\u00a0<br><\/p>\n\n\n\n<p><a href=\"mailto:solidarity.moment1980@gmail.com\" target=\"_blank\" rel=\"noreferrer noopener\">solidarity.moment1980@gmail.com<\/a>&nbsp;<\/p>","protected":false},"excerpt":{"rendered":"<p>Rester attentif \u00e0 l\u2019actualit\u00e9, soutenir les victimes de la r\u00e9pression, d\u00e9fendre le droit \u00e0 la libert\u00e9 d\u2019expression et d\u2019opinion : les artistes forgent-ils la conscience sociale ? Sont-ils encore vecteurs de changement social ou politique ?  [&#8230;]<\/p>\n<p><a class=\"btn btn-secondary understrap-read-more-link\" href=\"https:\/\/solidarity1980.com\/en\/lart-doit-il-etre-engage\/\">Read More&#8230;<span class=\"screen-reader-text\"> from L&rsquo;art doit-il \u00eatre engag\u00e9 ?\u00a0<\/span><\/a><\/p>\n","protected":false},"author":5,"featured_media":1107,"comment_status":"closed","ping_status":"closed","sticky":false,"template":"","format":"standard","meta":{"footnotes":""},"categories":[2],"tags":[],"class_list":["post-1112","post","type-post","status-publish","format-standard","has-post-thumbnail","hentry","category-actualite"],"yoast_head":"<!-- This site is optimized with the Yoast SEO plugin v27.5 - https:\/\/yoast.com\/product\/yoast-seo-wordpress\/ -->\n<title>L&#039;art doit-il \u00eatre engag\u00e9 ?\u00a0 - 1980 Le moment de solidarit\u00e9<\/title>\n<meta name=\"description\" content=\"Instrumentalisation des valeurs, confiscation de la m\u00e9moire\u00a0par un pouvoir id\u00e9ologique\u00a0qui d\u00e9truit les liens sociaux\u00a0: comment rester fid\u00e8le \u00e0 soi-m\u00eame et retrouver le sens du devoir envers la communaut\u00e9 \u00e0 laquelle on est li\u00e9\u00a0? Rendez-vous le 19 octobre \u00e0 18h00 au Cin\u00e9lux.\" \/>\n<meta name=\"robots\" content=\"index, follow, max-snippet:-1, max-image-preview:large, max-video-preview:-1\" \/>\n<link rel=\"canonical\" href=\"https:\/\/solidarity1980.com\/en\/lart-doit-il-etre-engage\/\" \/>\n<meta property=\"og:locale\" content=\"en_GB\" \/>\n<meta property=\"og:type\" content=\"article\" \/>\n<meta property=\"og:title\" content=\"L&#039;art doit-il \u00eatre engag\u00e9 ?\u00a0 - 1980 Le moment de solidarit\u00e9\" \/>\n<meta property=\"og:description\" content=\"Instrumentalisation des valeurs, confiscation de la m\u00e9moire\u00a0par un pouvoir id\u00e9ologique\u00a0qui d\u00e9truit les liens sociaux\u00a0: comment rester fid\u00e8le \u00e0 soi-m\u00eame et retrouver le sens du devoir envers la communaut\u00e9 \u00e0 laquelle on est li\u00e9\u00a0? Rendez-vous le 19 octobre \u00e0 18h00 au Cin\u00e9lux.\" \/>\n<meta property=\"og:url\" content=\"https:\/\/solidarity1980.com\/en\/lart-doit-il-etre-engage\/\" \/>\n<meta property=\"og:site_name\" content=\"1980 Le moment de solidarit\u00e9\" \/>\n<meta property=\"article:published_time\" content=\"2023-10-13T08:10:55+00:00\" \/>\n<meta property=\"article:modified_time\" content=\"2025-01-28T18:26:38+00:00\" \/>\n<meta property=\"og:image\" content=\"https:\/\/solidarity1980.com\/wp-content\/uploads\/2023\/10\/Capture-decran-2023-10-11-a-09.05.26.png\" \/>\n\t<meta property=\"og:image:width\" content=\"1582\" \/>\n\t<meta property=\"og:image:height\" content=\"1122\" \/>\n\t<meta property=\"og:image:type\" content=\"image\/png\" \/>\n<meta name=\"author\" content=\"Sarah Osman\" \/>\n<meta name=\"twitter:card\" content=\"summary_large_image\" \/>\n<meta name=\"twitter:label1\" content=\"Written by\" \/>\n\t<meta name=\"twitter:data1\" content=\"Sarah Osman\" \/>\n\t<meta name=\"twitter:label2\" content=\"Estimated reading time\" \/>\n\t<meta name=\"twitter:data2\" content=\"2 minutes\" \/>\n<script type=\"application\/ld+json\" class=\"yoast-schema-graph\">{\"@context\":\"https:\\\/\\\/schema.org\",\"@graph\":[{\"@type\":\"Article\",\"@id\":\"https:\\\/\\\/solidarity1980.com\\\/lart-doit-il-etre-engage\\\/#article\",\"isPartOf\":{\"@id\":\"https:\\\/\\\/solidarity1980.com\\\/lart-doit-il-etre-engage\\\/\"},\"author\":{\"name\":\"Sarah Osman\",\"@id\":\"https:\\\/\\\/solidarity1980.com\\\/#\\\/schema\\\/person\\\/d0c73bdb3bd6281829b3498be0a51c39\"},\"headline\":\"L&rsquo;art doit-il \u00eatre engag\u00e9 ?\u00a0\",\"datePublished\":\"2023-10-13T08:10:55+00:00\",\"dateModified\":\"2025-01-28T18:26:38+00:00\",\"mainEntityOfPage\":{\"@id\":\"https:\\\/\\\/solidarity1980.com\\\/lart-doit-il-etre-engage\\\/\"},\"wordCount\":349,\"publisher\":{\"@id\":\"https:\\\/\\\/solidarity1980.com\\\/#organization\"},\"image\":{\"@id\":\"https:\\\/\\\/solidarity1980.com\\\/lart-doit-il-etre-engage\\\/#primaryimage\"},\"thumbnailUrl\":\"https:\\\/\\\/solidarity1980.com\\\/wp-content\\\/uploads\\\/2023\\\/10\\\/Capture-decran-2023-10-11-a-09.05.26.png\",\"articleSection\":[\"actualit\u00e9\"],\"inLanguage\":\"en-GB\"},{\"@type\":\"WebPage\",\"@id\":\"https:\\\/\\\/solidarity1980.com\\\/lart-doit-il-etre-engage\\\/\",\"url\":\"https:\\\/\\\/solidarity1980.com\\\/lart-doit-il-etre-engage\\\/\",\"name\":\"L'art doit-il \u00eatre engag\u00e9 ?\u00a0 - 1980 Le moment de solidarit\u00e9\",\"isPartOf\":{\"@id\":\"https:\\\/\\\/solidarity1980.com\\\/#website\"},\"primaryImageOfPage\":{\"@id\":\"https:\\\/\\\/solidarity1980.com\\\/lart-doit-il-etre-engage\\\/#primaryimage\"},\"image\":{\"@id\":\"https:\\\/\\\/solidarity1980.com\\\/lart-doit-il-etre-engage\\\/#primaryimage\"},\"thumbnailUrl\":\"https:\\\/\\\/solidarity1980.com\\\/wp-content\\\/uploads\\\/2023\\\/10\\\/Capture-decran-2023-10-11-a-09.05.26.png\",\"datePublished\":\"2023-10-13T08:10:55+00:00\",\"dateModified\":\"2025-01-28T18:26:38+00:00\",\"description\":\"Instrumentalisation des valeurs, confiscation de la m\u00e9moire\u00a0par un pouvoir id\u00e9ologique\u00a0qui d\u00e9truit les liens sociaux\u00a0: comment rester fid\u00e8le \u00e0 soi-m\u00eame et retrouver le sens du devoir envers la communaut\u00e9 \u00e0 laquelle on est li\u00e9\u00a0? Rendez-vous le 19 octobre \u00e0 18h00 au Cin\u00e9lux.\",\"breadcrumb\":{\"@id\":\"https:\\\/\\\/solidarity1980.com\\\/lart-doit-il-etre-engage\\\/#breadcrumb\"},\"inLanguage\":\"en-GB\",\"potentialAction\":[{\"@type\":\"ReadAction\",\"target\":[\"https:\\\/\\\/solidarity1980.com\\\/lart-doit-il-etre-engage\\\/\"]}]},{\"@type\":\"ImageObject\",\"inLanguage\":\"en-GB\",\"@id\":\"https:\\\/\\\/solidarity1980.com\\\/lart-doit-il-etre-engage\\\/#primaryimage\",\"url\":\"https:\\\/\\\/solidarity1980.com\\\/wp-content\\\/uploads\\\/2023\\\/10\\\/Capture-decran-2023-10-11-a-09.05.26.png\",\"contentUrl\":\"https:\\\/\\\/solidarity1980.com\\\/wp-content\\\/uploads\\\/2023\\\/10\\\/Capture-decran-2023-10-11-a-09.05.26.png\",\"width\":1582,\"height\":1122},{\"@type\":\"BreadcrumbList\",\"@id\":\"https:\\\/\\\/solidarity1980.com\\\/lart-doit-il-etre-engage\\\/#breadcrumb\",\"itemListElement\":[{\"@type\":\"ListItem\",\"position\":1,\"name\":\"Accueil\",\"item\":\"https:\\\/\\\/solidarity1980.com\\\/\"},{\"@type\":\"ListItem\",\"position\":2,\"name\":\"L&rsquo;art doit-il \u00eatre engag\u00e9 ?\u00a0\"}]},{\"@type\":\"WebSite\",\"@id\":\"https:\\\/\\\/solidarity1980.com\\\/#website\",\"url\":\"https:\\\/\\\/solidarity1980.com\\\/\",\"name\":\"1980 Le moment de solidarit\u00e9\",\"description\":\"1980 Le moment de solidarit\u00e9\",\"publisher\":{\"@id\":\"https:\\\/\\\/solidarity1980.com\\\/#organization\"},\"potentialAction\":[{\"@type\":\"SearchAction\",\"target\":{\"@type\":\"EntryPoint\",\"urlTemplate\":\"https:\\\/\\\/solidarity1980.com\\\/?s={search_term_string}\"},\"query-input\":{\"@type\":\"PropertyValueSpecification\",\"valueRequired\":true,\"valueName\":\"search_term_string\"}}],\"inLanguage\":\"en-GB\"},{\"@type\":\"Organization\",\"@id\":\"https:\\\/\\\/solidarity1980.com\\\/#organization\",\"name\":\"1980 Le moment de solidarit\u00e9\",\"url\":\"https:\\\/\\\/solidarity1980.com\\\/\",\"logo\":{\"@type\":\"ImageObject\",\"inLanguage\":\"en-GB\",\"@id\":\"https:\\\/\\\/solidarity1980.com\\\/#\\\/schema\\\/logo\\\/image\\\/\",\"url\":\"https:\\\/\\\/solidarity1980.com\\\/wp-content\\\/uploads\\\/2023\\\/04\\\/titre_plateforme.png\",\"contentUrl\":\"https:\\\/\\\/solidarity1980.com\\\/wp-content\\\/uploads\\\/2023\\\/04\\\/titre_plateforme.png\",\"width\":786,\"height\":467,\"caption\":\"1980 Le moment de solidarit\u00e9\"},\"image\":{\"@id\":\"https:\\\/\\\/solidarity1980.com\\\/#\\\/schema\\\/logo\\\/image\\\/\"}},{\"@type\":\"Person\",\"@id\":\"https:\\\/\\\/solidarity1980.com\\\/#\\\/schema\\\/person\\\/d0c73bdb3bd6281829b3498be0a51c39\",\"name\":\"Sarah Osman\",\"image\":{\"@type\":\"ImageObject\",\"inLanguage\":\"en-GB\",\"@id\":\"https:\\\/\\\/secure.gravatar.com\\\/avatar\\\/09973fd37bf359c3ff2d009610c9419c5e4b925d4b01dba72a1d4b6e88d24a36?s=96&d=mm&r=g\",\"url\":\"https:\\\/\\\/secure.gravatar.com\\\/avatar\\\/09973fd37bf359c3ff2d009610c9419c5e4b925d4b01dba72a1d4b6e88d24a36?s=96&d=mm&r=g\",\"contentUrl\":\"https:\\\/\\\/secure.gravatar.com\\\/avatar\\\/09973fd37bf359c3ff2d009610c9419c5e4b925d4b01dba72a1d4b6e88d24a36?s=96&d=mm&r=g\",\"caption\":\"Sarah Osman\"},\"url\":\"https:\\\/\\\/solidarity1980.com\\\/en\\\/author\\\/sarah\\\/\"}]}<\/script>\n<!-- \/ Yoast SEO plugin. -->","yoast_head_json":{"title":"L'art doit-il \u00eatre engag\u00e9 ?\u00a0 - 1980 Le moment de solidarit\u00e9","description":"Instrumentalisation des valeurs, confiscation de la m\u00e9moire\u00a0par un pouvoir id\u00e9ologique\u00a0qui d\u00e9truit les liens sociaux\u00a0: comment rester fid\u00e8le \u00e0 soi-m\u00eame et retrouver le sens du devoir envers la communaut\u00e9 \u00e0 laquelle on est li\u00e9\u00a0? Rendez-vous le 19 octobre \u00e0 18h00 au Cin\u00e9lux.","robots":{"index":"index","follow":"follow","max-snippet":"max-snippet:-1","max-image-preview":"max-image-preview:large","max-video-preview":"max-video-preview:-1"},"canonical":"https:\/\/solidarity1980.com\/en\/lart-doit-il-etre-engage\/","og_locale":"en_GB","og_type":"article","og_title":"L'art doit-il \u00eatre engag\u00e9 ?\u00a0 - 1980 Le moment de solidarit\u00e9","og_description":"Instrumentalisation des valeurs, confiscation de la m\u00e9moire\u00a0par un pouvoir id\u00e9ologique\u00a0qui d\u00e9truit les liens sociaux\u00a0: comment rester fid\u00e8le \u00e0 soi-m\u00eame et retrouver le sens du devoir envers la communaut\u00e9 \u00e0 laquelle on est li\u00e9\u00a0? Rendez-vous le 19 octobre \u00e0 18h00 au Cin\u00e9lux.","og_url":"https:\/\/solidarity1980.com\/en\/lart-doit-il-etre-engage\/","og_site_name":"1980 Le moment de solidarit\u00e9","article_published_time":"2023-10-13T08:10:55+00:00","article_modified_time":"2025-01-28T18:26:38+00:00","og_image":[{"width":1582,"height":1122,"url":"https:\/\/solidarity1980.com\/wp-content\/uploads\/2023\/10\/Capture-decran-2023-10-11-a-09.05.26.png","type":"image\/png"}],"author":"Sarah Osman","twitter_card":"summary_large_image","twitter_misc":{"Written by":"Sarah Osman","Estimated reading time":"2 minutes"},"schema":{"@context":"https:\/\/schema.org","@graph":[{"@type":"Article","@id":"https:\/\/solidarity1980.com\/lart-doit-il-etre-engage\/#article","isPartOf":{"@id":"https:\/\/solidarity1980.com\/lart-doit-il-etre-engage\/"},"author":{"name":"Sarah Osman","@id":"https:\/\/solidarity1980.com\/#\/schema\/person\/d0c73bdb3bd6281829b3498be0a51c39"},"headline":"L&rsquo;art doit-il \u00eatre engag\u00e9 ?\u00a0","datePublished":"2023-10-13T08:10:55+00:00","dateModified":"2025-01-28T18:26:38+00:00","mainEntityOfPage":{"@id":"https:\/\/solidarity1980.com\/lart-doit-il-etre-engage\/"},"wordCount":349,"publisher":{"@id":"https:\/\/solidarity1980.com\/#organization"},"image":{"@id":"https:\/\/solidarity1980.com\/lart-doit-il-etre-engage\/#primaryimage"},"thumbnailUrl":"https:\/\/solidarity1980.com\/wp-content\/uploads\/2023\/10\/Capture-decran-2023-10-11-a-09.05.26.png","articleSection":["actualit\u00e9"],"inLanguage":"en-GB"},{"@type":"WebPage","@id":"https:\/\/solidarity1980.com\/lart-doit-il-etre-engage\/","url":"https:\/\/solidarity1980.com\/lart-doit-il-etre-engage\/","name":"L'art doit-il \u00eatre engag\u00e9 ?\u00a0 - 1980 Le moment de solidarit\u00e9","isPartOf":{"@id":"https:\/\/solidarity1980.com\/#website"},"primaryImageOfPage":{"@id":"https:\/\/solidarity1980.com\/lart-doit-il-etre-engage\/#primaryimage"},"image":{"@id":"https:\/\/solidarity1980.com\/lart-doit-il-etre-engage\/#primaryimage"},"thumbnailUrl":"https:\/\/solidarity1980.com\/wp-content\/uploads\/2023\/10\/Capture-decran-2023-10-11-a-09.05.26.png","datePublished":"2023-10-13T08:10:55+00:00","dateModified":"2025-01-28T18:26:38+00:00","description":"Instrumentalisation des valeurs, confiscation de la m\u00e9moire\u00a0par un pouvoir id\u00e9ologique\u00a0qui d\u00e9truit les liens sociaux\u00a0: comment rester fid\u00e8le \u00e0 soi-m\u00eame et retrouver le sens du devoir envers la communaut\u00e9 \u00e0 laquelle on est li\u00e9\u00a0? Rendez-vous le 19 octobre \u00e0 18h00 au Cin\u00e9lux.","breadcrumb":{"@id":"https:\/\/solidarity1980.com\/lart-doit-il-etre-engage\/#breadcrumb"},"inLanguage":"en-GB","potentialAction":[{"@type":"ReadAction","target":["https:\/\/solidarity1980.com\/lart-doit-il-etre-engage\/"]}]},{"@type":"ImageObject","inLanguage":"en-GB","@id":"https:\/\/solidarity1980.com\/lart-doit-il-etre-engage\/#primaryimage","url":"https:\/\/solidarity1980.com\/wp-content\/uploads\/2023\/10\/Capture-decran-2023-10-11-a-09.05.26.png","contentUrl":"https:\/\/solidarity1980.com\/wp-content\/uploads\/2023\/10\/Capture-decran-2023-10-11-a-09.05.26.png","width":1582,"height":1122},{"@type":"BreadcrumbList","@id":"https:\/\/solidarity1980.com\/lart-doit-il-etre-engage\/#breadcrumb","itemListElement":[{"@type":"ListItem","position":1,"name":"Accueil","item":"https:\/\/solidarity1980.com\/"},{"@type":"ListItem","position":2,"name":"L&rsquo;art doit-il \u00eatre engag\u00e9 ?\u00a0"}]},{"@type":"WebSite","@id":"https:\/\/solidarity1980.com\/#website","url":"https:\/\/solidarity1980.com\/","name":"1980 Le moment de solidarit\u00e9","description":"1980 Le moment de solidarit\u00e9","publisher":{"@id":"https:\/\/solidarity1980.com\/#organization"},"potentialAction":[{"@type":"SearchAction","target":{"@type":"EntryPoint","urlTemplate":"https:\/\/solidarity1980.com\/?s={search_term_string}"},"query-input":{"@type":"PropertyValueSpecification","valueRequired":true,"valueName":"search_term_string"}}],"inLanguage":"en-GB"},{"@type":"Organization","@id":"https:\/\/solidarity1980.com\/#organization","name":"1980 Le moment de solidarit\u00e9","url":"https:\/\/solidarity1980.com\/","logo":{"@type":"ImageObject","inLanguage":"en-GB","@id":"https:\/\/solidarity1980.com\/#\/schema\/logo\/image\/","url":"https:\/\/solidarity1980.com\/wp-content\/uploads\/2023\/04\/titre_plateforme.png","contentUrl":"https:\/\/solidarity1980.com\/wp-content\/uploads\/2023\/04\/titre_plateforme.png","width":786,"height":467,"caption":"1980 Le moment de solidarit\u00e9"},"image":{"@id":"https:\/\/solidarity1980.com\/#\/schema\/logo\/image\/"}},{"@type":"Person","@id":"https:\/\/solidarity1980.com\/#\/schema\/person\/d0c73bdb3bd6281829b3498be0a51c39","name":"Sarah Osman","image":{"@type":"ImageObject","inLanguage":"en-GB","@id":"https:\/\/secure.gravatar.com\/avatar\/09973fd37bf359c3ff2d009610c9419c5e4b925d4b01dba72a1d4b6e88d24a36?s=96&d=mm&r=g","url":"https:\/\/secure.gravatar.com\/avatar\/09973fd37bf359c3ff2d009610c9419c5e4b925d4b01dba72a1d4b6e88d24a36?s=96&d=mm&r=g","contentUrl":"https:\/\/secure.gravatar.com\/avatar\/09973fd37bf359c3ff2d009610c9419c5e4b925d4b01dba72a1d4b6e88d24a36?s=96&d=mm&r=g","caption":"Sarah Osman"},"url":"https:\/\/solidarity1980.com\/en\/author\/sarah\/"}]}},"wps_subtitle":"14 d\u00e9cembre 18:00 Cinelux","_links":{"self":[{"href":"https:\/\/solidarity1980.com\/en\/wp-json\/wp\/v2\/posts\/1112","targetHints":{"allow":["GET"]}}],"collection":[{"href":"https:\/\/solidarity1980.com\/en\/wp-json\/wp\/v2\/posts"}],"about":[{"href":"https:\/\/solidarity1980.com\/en\/wp-json\/wp\/v2\/types\/post"}],"author":[{"embeddable":true,"href":"https:\/\/solidarity1980.com\/en\/wp-json\/wp\/v2\/users\/5"}],"replies":[{"embeddable":true,"href":"https:\/\/solidarity1980.com\/en\/wp-json\/wp\/v2\/comments?post=1112"}],"version-history":[{"count":32,"href":"https:\/\/solidarity1980.com\/en\/wp-json\/wp\/v2\/posts\/1112\/revisions"}],"predecessor-version":[{"id":1529,"href":"https:\/\/solidarity1980.com\/en\/wp-json\/wp\/v2\/posts\/1112\/revisions\/1529"}],"wp:featuredmedia":[{"embeddable":true,"href":"https:\/\/solidarity1980.com\/en\/wp-json\/wp\/v2\/media\/1107"}],"wp:attachment":[{"href":"https:\/\/solidarity1980.com\/en\/wp-json\/wp\/v2\/media?parent=1112"}],"wp:term":[{"taxonomy":"category","embeddable":true,"href":"https:\/\/solidarity1980.com\/en\/wp-json\/wp\/v2\/categories?post=1112"},{"taxonomy":"post_tag","embeddable":true,"href":"https:\/\/solidarity1980.com\/en\/wp-json\/wp\/v2\/tags?post=1112"}],"curies":[{"name":"wp","href":"https:\/\/api.w.org\/{rel}","templated":true}]}}